{"id":5511,"date":"2023-03-06T11:16:13","date_gmt":"2023-03-06T11:16:13","guid":{"rendered":"https:\/\/photold.org\/?p=5511"},"modified":"2023-03-06T11:16:13","modified_gmt":"2023-03-06T11:16:13","slug":"new-york-times-square-1903","status":"publish","type":"post","link":"https:\/\/pressnavigator.hu\/photold\/2023\/03\/06\/new-york-times-square-1903\/","title":{"rendered":"New York, Times Square, 1903."},"content":{"rendered":"<div class='booster-block booster-read-block'><\/div><p>The Surrealists group in Paris, created in 1933, represented an artistic movement that aimed to explore the power of the unconscious mind. This group of artists included Tristan Tzara, Paul \u00c9luard, Andr\u00e9 Breton, Jean Arp, Salvador Dal\u00ed, Yves Tanguy, Max Ernst, Ren\u00e9 Crevel and Man Ray.<\/p>\n<p>The Surrealists sought to create art that depicted the dreamlike, irrational and illogical aspects of the unconscious. This often involved the use of unexpected juxtapositions, fantastic imagery and the exploration of the abstract. They sought to create a new world, free from the constraints of rational thought.<\/p>\n<p>The Surrealists group has had a lasting influence on the art world, inspiring many future generations of artists to explore the power of the subconscious.<\/p>\n<p><a href=\"https:\/\/i0.wp.com\/photold.org\/wp-content\/uploads\/2023\/03\/image-7.jpg?ssl=1\" rel=\"attachment wp-att-5512\"><img data-recalc-dims=\"1\" fetchpriority=\"high\" decoding=\"async\" src=\"https:\/\/i0.wp.com\/photold.org\/wp-content\/uploads\/2023\/03\/image-7.jpg?resize=720%2C720&#038;ssl=1\" alt=\"\" title=\"image-7-jpg\" width=\"720\" height=\"720\" class=\"alignnone size-full wp-image-5512\" srcset=\"https:\/\/i0.wp.com\/pressnavigator.hu\/photold\/wp-content\/uploads\/2023\/03\/image-7.jpg?w=1600&amp;ssl=1 1600w, https:\/\/i0.wp.com\/pressnavigator.hu\/photold\/wp-content\/uploads\/2023\/03\/image-7.jpg?resize=300%2C300&amp;ssl=1 300w, https:\/\/i0.wp.com\/pressnavigator.hu\/photold\/wp-content\/uploads\/2023\/03\/image-7.jpg?resize=1024%2C1024&amp;ssl=1 1024w, https:\/\/i0.wp.com\/pressnavigator.hu\/photold\/wp-content\/uploads\/2023\/03\/image-7.jpg?resize=150%2C150&amp;ssl=1 150w, https:\/\/i0.wp.com\/pressnavigator.hu\/photold\/wp-content\/uploads\/2023\/03\/image-7.jpg?resize=768%2C768&amp;ssl=1 768w, https:\/\/i0.wp.com\/pressnavigator.hu\/photold\/wp-content\/uploads\/2023\/03\/image-7.jpg?resize=1536%2C1536&amp;ssl=1 1536w, https:\/\/i0.wp.com\/pressnavigator.hu\/photold\/wp-content\/uploads\/2023\/03\/image-7.jpg?resize=80%2C80&amp;ssl=1 80w, https:\/\/i0.wp.com\/pressnavigator.hu\/photold\/wp-content\/uploads\/2023\/03\/image-7.jpg?resize=720%2C720&amp;ssl=1 720w, https:\/\/i0.wp.com\/pressnavigator.hu\/photold\/wp-content\/uploads\/2023\/03\/image-7.jpg?resize=60%2C60&amp;ssl=1 60w, https:\/\/i0.wp.com\/pressnavigator.hu\/photold\/wp-content\/uploads\/2023\/03\/image-7.jpg?w=1440 1440w\" sizes=\"(max-width: 720px) 100vw, 720px\" \/><\/a><\/p>\n","protected":false},"excerpt":{"rendered":"<p>The Surrealists group in Paris, created in 1933, represented an artistic movement that aimed to explore the power of the unconscious mind. This group of artists included Tristan Tzara, Paul \u00c9luard, Andr\u00e9 Breton, Jean Arp, Salvador Dal\u00ed, Yves Tanguy, Max Ernst, Ren\u00e9 Crevel and Man Ray. The Surrealists sought to create art that depicted the dreamlike, irrational and illogical aspects of the unconscious. This often involved the use of unexpected juxtapositions, fantastic imagery and the exploration of the abstract. They sought to create a new world, free from the constraints of rational thought. The Surrealists group has had a lasting &hellip; <a href=\"https:\/\/pressnavigator.hu\/photold\/2023\/03\/06\/new-york-times-square-1903\/\" class=\"more-link\"><span class=\"screen-reader-text\">New York, Times Square, 1903.<\/span> r\u00e9szletei&#8230;<\/a><\/p>\n","protected":false},"author":1,"featured_media":0,"comment_status":"open","ping_status":"open","sticky":false,"template":"","format":"image","meta":{"_jetpack_memberships_contains_paid_content":false,"footnotes":"","jetpack_publicize_message":"","jetpack_publicize_feature_enabled":true,"jetpack_social_post_already_shared":true,"jetpack_social_options":{"image_generator_settings":{"template":"highway","default_image_id":0,"font":"","enabled":false},"version":2}},"categories":[3],"tags":[49,2237,2234,2238,2242,2240,1097,2236,2244,2241,2138,1294,2141,1366,2235,2243,1498,2239],"class_list":["post-5511","post","type-post","status-publish","format-image","hentry","category-photo","tag-49","tag-andrebreton","tag-artmovement","tag-jeanarp","tag-manray","tag-maxernst","tag-paris","tag-pauleluard","tag-rationalthought","tag-renecrevel","tag-salvadordali","tag-square","tag-surrealism","tag-times","tag-tristantzara","tag-unconscious","tag-york","tag-yvestanguy","post_format-post-format-image","has-post-thumbnail","fallback-thumbnail"],"jetpack_publicize_connections":[],"jetpack_featured_media_url":"","jetpack_sharing_enabled":true,"_links":{"self":[{"href":"https:\/\/pressnavigator.hu\/photold\/wp-json\/wp\/v2\/posts\/5511","targetHints":{"allow":["GET"]}}],"collection":[{"href":"https:\/\/pressnavigator.hu\/photold\/wp-json\/wp\/v2\/posts"}],"about":[{"href":"https:\/\/pressnavigator.hu\/photold\/wp-json\/wp\/v2\/types\/post"}],"author":[{"embeddable":true,"href":"https:\/\/pressnavigator.hu\/photold\/wp-json\/wp\/v2\/users\/1"}],"replies":[{"embeddable":true,"href":"https:\/\/pressnavigator.hu\/photold\/wp-json\/wp\/v2\/comments?post=5511"}],"version-history":[{"count":1,"href":"https:\/\/pressnavigator.hu\/photold\/wp-json\/wp\/v2\/posts\/5511\/revisions"}],"predecessor-version":[{"id":5513,"href":"https:\/\/pressnavigator.hu\/photold\/wp-json\/wp\/v2\/posts\/5511\/revisions\/5513"}],"wp:attachment":[{"href":"https:\/\/pressnavigator.hu\/photold\/wp-json\/wp\/v2\/media?parent=5511"}],"wp:term":[{"taxonomy":"category","embeddable":true,"href":"https:\/\/pressnavigator.hu\/photold\/wp-json\/wp\/v2\/categories?post=5511"},{"taxonomy":"post_tag","embeddable":true,"href":"https:\/\/pressnavigator.hu\/photold\/wp-json\/wp\/v2\/tags?post=5511"}],"curies":[{"name":"wp","href":"https:\/\/api.w.org\/{rel}","templated":true}]}}